{"id":1634,"date":"2019-02-28T13:02:50","date_gmt":"2019-02-28T12:02:50","guid":{"rendered":"https:\/\/www.berlin-info.com\/en\/?p=1634"},"modified":"2023-03-02T09:57:47","modified_gmt":"2023-03-02T08:57:47","slug":"humboldt-forum","status":"publish","type":"post","link":"https:\/\/www.berlin-info.com\/en\/humboldt-forum\/","title":{"rendered":"Retro is king"},"content":{"rendered":"<h1><strong>Berlin Palace and Humboldt Forum<br \/>\n<\/strong><\/h1>\n<p>On 17 December 2020, the inauguration of the Humboldt Forum was staged online due to the pandemic crisis. From July on the various sections are expected to open in several steps within the next few months.<\/p>\n<p>The new building houses the institution called Humboldt Forum, seathed by reconstructed baroque facades of Berlin Palace.<br \/>\nThe name relates to the Humboldt brothers: Alexander the explorer and Wilhelm, the statesman and prussian reformer.<\/p>\n<p>In terms of its space program and technical equipment, the concept of the institution is based on a combination of exhibitions, research, mediation and cultural, political\u00a0or secular events like concerts or conferences. In official descriptions it is announced as &#8220;Centre for exhibitions and events of the Federal Republic of Germany&#8221;.<\/p>\n<p>The total costs of the project\u00a0 are\u00a0 around 677 million euro of which 80 million euro for the historic facades will be raised by donations. This establishes Humboldt Forum as the federal government&#8217;s largest cultural project.<\/p>\n<h6>Book a related expert tour here:<a href=\"https:\/\/www.berlin-info.com\/wp-admin\/post.php?post=410&amp;action=edit&amp;lang=en\" target=\"_blank\" rel=\"noopener\">\u00a0<span style=\"color: #008080;\">Berlin Palace, Humboldt Forum and Museum Island<\/span><\/a><\/h6>\n<h2>Restoration of external fa\u00e7ades, courtyard fa\u00e7ades and dome<\/h2>\n<p>Three historic exterior facades, three baroque courtyard facades and two courtyard portals of Berlin Palace (lost in WWII and in 1950), were designed as replicas. The original design followed plans of Andreas Schl\u00fcter (1697) and other architects of the 17th and 19th century.<\/p>\n<p>The designer of the project is architect Franco Stella, competition winner in 2007, from Vicenza\/Italy.\u00a0His signature can be seen on the eastern fa\u00e7ade facing the Spree River and in the system and design of the courtyards. Together with two other offices planning commenced in 2009, construction works started in 2012.<\/p>\n<p>Following an open call for historical photos and snapshots after research and evaluation of historical illustrations and models, the redesign of exterior facades was completed by Berlin based architetects Stuhlemmer.<\/p>\n<div class=\"fusion-fullwidth fullwidth-box fusion-builder-row-1 hundred-percent-fullwidth non-hundred-percent-height-scrolling\" style=\"--awb-border-radius-top-left:0px;--awb-border-radius-top-right:0px;--awb-border-radius-bottom-right:0px;--awb-border-radius-bottom-left:0px;--awb-overflow:visible;\" ><div class=\"fusion-builder-row fusion-row\"><div class=\"fusion-layout-column fusion_builder_column fusion-builder-column-0 fusion_builder_column_1_1 1_1 fusion-one-full fusion-column-first fusion-column-last fusion-column-no-min-height\" style=\"--awb-bg-size:cover;\"><div class=\"fusion-column-wrapper fusion-flex-column-wrapper-legacy\"><div id=\"attachment_2080\" style=\"width: 660px\" class=\"wp-caption aligncenter\"><a href=\"https:\/\/www.berlin-info.com\/wp-content\/uploads\/2019\/06\/Schloss-1-von-1-2.jpg\"><img aria-describedby=\"caption-attachment-2080\" decoding=\"async\" class=\"wp-image-2080 size-full\" src=\"https:\/\/www.berlin-info.com\/wp-content\/uploads\/2019\/06\/Schloss-1-von-1-2.jpg\" alt=\"S\u00fcdfassade Berliner Schloss\/ Humboldt Forum nach Andreas Schl\u00fcter\" width=\"650\" height=\"474\" srcset=\"https:\/\/www.berlin-info.com\/wp-content\/uploads\/2019\/06\/Schloss-1-von-1-2-220x161.jpg 220w, https:\/\/www.berlin-info.com\/wp-content\/uploads\/2019\/06\/Schloss-1-von-1-2-439x320.jpg 439w, https:\/\/www.berlin-info.com\/wp-content\/uploads\/2019\/06\/Schloss-1-von-1-2.jpg 650w\" sizes=\"(max-width: 650px) 100vw, 650px\" \/><\/a><p id=\"caption-attachment-2080\" class=\"wp-caption-text\">Reconstructed southern fa\u00e7ade of Berlin Palace , design by Architect Andreas Schl\u00fcter (1697)<\/p><\/div>\n<p>A Palace Building Hut was founded to restore and redesign the sculptures and reliefs of the fa\u00e7ade decoration.<\/p>\n<h6>Book a guided architectural tour to <span style=\"color: #008080;\"><a style=\"color: #008080;\" href=\"https:\/\/www.berlin-info.com\/wp-admin\/post.php?post=410&amp;action=edit&amp;lang=en\" target=\"_blank\" rel=\"noopener\">Berlin Palace, Humboldt Forum and Museum Island<\/a><\/span><\/h6>\n<h2>New formulation of the fourth fa\u00e7ade by Franco Stella<\/h2>\n<p>The eastern fa\u00e7ade of Humboldt Forum is formed by a grid fa\u00e7ade in modern architecture. It follows the storey height of the baroque fa\u00e7ades and is clad with slabs of architectural concrete. The coloration is related to the neighbouring baroque sandstone elements.<\/p>\n<p>&nbsp;<\/p>\n<div class=\"fusion-clearfix\"><\/div><\/div><\/div><div class=\"fusion-layout-column fusion_builder_column fusion-builder-column-1 fusion_builder_column_1_1 1_1 fusion-one-full fusion-column-first fusion-column-last fusion-column-no-min-height\" style=\"--awb-bg-size:cover;\"><div class=\"fusion-column-wrapper fusion-flex-column-wrapper-legacy\"><div id=\"attachment_2079\" style=\"width: 660px\" class=\"wp-caption aligncenter\"><a href=\"https:\/\/www.berlin-info.com\/wp-content\/uploads\/2019\/06\/Schloss2-1-von-1.jpg\"><img aria-describedby=\"caption-attachment-2079\" decoding=\"async\" class=\"wp-image-2079 size-full\" src=\"https:\/\/www.berlin-info.com\/wp-content\/uploads\/2019\/06\/Schloss2-1-von-1.jpg\" alt=\"Fassade Humboldt Forum Berlin\" width=\"650\" height=\"375\" srcset=\"https:\/\/www.berlin-info.com\/wp-content\/uploads\/2019\/06\/Schloss2-1-von-1-555x320.jpg 555w, https:\/\/www.berlin-info.com\/wp-content\/uploads\/2019\/06\/Schloss2-1-von-1.jpg 650w\" sizes=\"(max-width: 650px) 100vw, 650px\" \/><\/a><p id=\"caption-attachment-2079\" class=\"wp-caption-text\">Humboldt Forum Berlin, Eastern fa\u00e7ade by architect Franco Stella, Vicenza<\/p><\/div>\n<p><strong>\u00a0<\/strong><\/p>\n<h2>Civil engineering and shield tunneling of the U5<\/h2>\n<p>Underground line 5 in between the stations Rotes Rathaus and Brandenburger Tor was built underneath -during the shell construction period of Humboldt Forum. Using shield tunneling technology, two tunnel tubes were manufactured. The foundation slabs of the construction site were driven under diagonally at a distance of only 2.50 m to the foundation layer.<\/p>\n<h2>Open space design<strong><br \/>\n<\/strong><\/h2>\n<p>The open space design connecting Museum Island and the surrounding urban spaces is\u00a0 a work of bbz landscapers. The works are scheduled to be completed by 2021.<\/p>\n<h6>Book a guided tour to\u00a0<span style=\"color: #008080;\"><a style=\"color: #008080;\" href=\"https:\/\/www.berlin-info.com\/wp-admin\/post.php?post=410&amp;action=edit&amp;lang=en\" target=\"_blank\" rel=\"noopener\">Berlin Palace, Humboldt Forum and Museum Island<\/a><\/span><\/h6>\n<h2><\/h2>\n<div class=\"fusion-clearfix\"><\/div><\/div><\/div><\/div><\/div>\n","protected":false},"excerpt":{"rendered":"<p>Berlin Palace and Humboldt Forum On 17 December 2020, the inauguration of the Humboldt Forum was staged online due to the pandemic crisis. From July on the various sections are expected to open in several steps within the next few months. The new building houses the institution called Humboldt Forum, seathed by reconstructed baroque facades [&hellip;]<\/p>\n","protected":false},"author":2,"featured_media":2487,"comment_status":"closed","ping_status":"open","sticky":false,"template":"","format":"standard","meta":[],"categories":[4],"tags":[63,58,8,61,62,64,38,60,31,7,57,39,59],"_links":{"self":[{"href":"https:\/\/www.berlin-info.com\/en\/wp-json\/wp\/v2\/posts\/1634"}],"collection":[{"href":"https:\/\/www.berlin-info.com\/en\/wp-json\/wp\/v2\/posts"}],"about":[{"href":"https:\/\/www.berlin-info.com\/en\/wp-json\/wp\/v2\/types\/post"}],"author":[{"embeddable":true,"href":"https:\/\/www.berlin-info.com\/en\/wp-json\/wp\/v2\/users\/2"}],"replies":[{"embeddable":true,"href":"https:\/\/www.berlin-info.com\/en\/wp-json\/wp\/v2\/comments?post=1634"}],"version-history":[{"count":48,"href":"https:\/\/www.berlin-info.com\/en\/wp-json\/wp\/v2\/posts\/1634\/revisions"}],"predecessor-version":[{"id":3804,"href":"https:\/\/www.berlin-info.com\/en\/wp-json\/wp\/v2\/posts\/1634\/revisions\/3804"}],"wp:featuredmedia":[{"embeddable":true,"href":"https:\/\/www.berlin-info.com\/en\/wp-json\/wp\/v2\/media\/2487"}],"wp:attachment":[{"href":"https:\/\/www.berlin-info.com\/en\/wp-json\/wp\/v2\/media?parent=1634"}],"wp:term":[{"taxonomy":"category","embeddable":true,"href":"https:\/\/www.berlin-info.com\/en\/wp-json\/wp\/v2\/categories?post=1634"},{"taxonomy":"post_tag","embeddable":true,"href":"https:\/\/www.berlin-info.com\/en\/wp-json\/wp\/v2\/tags?post=1634"}],"curies":[{"name":"wp","href":"https:\/\/api.w.org\/{rel}","templated":true}]}}