{"id":1638,"date":"2019-02-28T13:08:20","date_gmt":"2019-02-28T12:08:20","guid":{"rendered":"https:\/\/www.berlin-info.com\/?p=1638"},"modified":"2024-06-26T11:36:13","modified_gmt":"2024-06-26T09:36:13","slug":"humboldt-forum-2","status":"publish","type":"post","link":"https:\/\/www.berlin-info.com\/en\/humboldt-forum-2\/","title":{"rendered":"Humboldt Forum im Berliner Schloss"},"content":{"rendered":"<h1>Humboldt Forum im Berliner Schlo\u00df\u00a0<strong><br \/>\n<\/strong><\/h1>\n<h2>Am 17. Dezember 2020 war Er\u00f6ffnung<\/h2>\n<p>Die Er\u00f6ffnung des Humboldt Forum am 17. Dezember 2020 fand wegen der Corona-Beschr\u00e4nkungen\u00a0 online statt. Seit Mittwoch, den 9. Juni 2021, sind die H\u00f6fe f\u00fcr die \u00d6ffentlichkeit zug\u00e4nglich, seit dem 20. Juli auch Teile der Innenr\u00e4ume, das Treppenhaus und verschiedene Ausstellungen.<\/p>\n<p>Seit September 2021 bietet das Haus auch eigene F\u00fchrungen zur Architektur des Humboldt Forums und der Geschichte des Ortes.<\/p>\n<p>Ein Shop und das Sebstbedienungsrestaurant <span style=\"color: #008080;\"><a style=\"color: #008080;\" href=\"https:\/\/humboldtforum-lebenswelten.de\/bistro\/\" target=\"_blank\" rel=\"noopener\">&#8220;Lebenswelten&#8221;<\/a> <\/span>mit Au\u00dfenpl\u00e4tzen im Schl\u00fcterhof haben bis 20:00 bzw. 22:00 Uhr ge\u00f6ffnet. Ende Oktober 2021 \u00f6ffnete parallel\u00a0 zur gro\u00dfen Dachterrasse auch das <span style=\"color: #008080;\"><a style=\"color: #008080;\" href=\"http:\/\/www.baret.berlin\/\" target=\"_blank\" rel=\"noopener\">Restaurant Baret mit Caf\u00e9-Betrieb und Rooftop-Bar<\/a>\u00a0<\/span>seine T\u00fcren f\u00fcr die G\u00e4ste. Geboten werden Essen und Trinken zu mittleren Preisen bei sch\u00f6ner Aussicht. Inzwischen hat auch das Bistro Deli Alexander\u00a0 im Schl\u00fcterhof ge\u00f6ffnet. Bereits im Juni 2022 er\u00f6ffnete das zugeh\u00f6rige <span style=\"color: #008080;\"><a style=\"color: #008080;\" href=\"http:\/\/www.wilhelmalexander.de\">Restaurant Wilhelm Alexander<\/a><\/span>.<\/p>\n<h2><\/h2>\n<h2>Was ist das Humboldt Forum?<\/h2>\n<p>Das Geb\u00e4ude mit den rekonstruierten Fassaden vom Berliner Schloss entstand auf Grundlage eines Beschlusses des Deutschen Bundestags von 2002 und beherbergt die Institution &#8220;Humboldt Forum im Berliner Schloss&#8221;.\u00a0 Sie versteht sich als &#8220;Ausstellungs- und Veranstaltungszentrum der Bundesrepublik Deutschland&#8221;.\u00a0 Das Humboldt Forum ist das gr\u00f6\u00dfte Kulturprojekt der Bundesrepublik Deutschland. Namensgeber sind Wilhelm und Alexander von Humboldt.<\/p>\n<p>Franco Stella aus Vicenza\/Italien gewann den Architekturwettbewerb 2007. Gemeinsam mit zwei weiteren Planungsb\u00fcros und mit dem Namen \u201eFranco Stella Humboldt-Forum Projektgemeinschaft\u201c begann 2009 die Planung. Die Grundsteinlegung f\u00fcr das Humboldt Forum erfolgte 2012 und am 17. Dezember 2020 fand eine erste Er\u00f6ffnung <span style=\"color: #000000;\">online<\/span>\u00a0statt.<\/p>\n<h2><\/h2>\n<h2>Historische Fassaden und Kuppel<\/h2>\n<p>Drei barocke Au\u00dfenfassaden und die klassizistische Kuppel, drei Innenhoffassaden, sowie zwei Innenhofportale vom 1950 gesprengten Berliner Schloss wurden nachgebaut.<\/p>\n<p>Die Fassadenrekonstruktion des Berliner Schlosses erfolgte auf Grundlage der Arbeiten des Berliner Architekturb\u00fcros Stuhlemmer. Daf\u00fcr wurden in Recherchen historische Abbildungen, Fotos und Modelle ausgewertet.<\/p>\n<p><strong><span style=\"color: #008080;\"><a style=\"color: #008080;\" href=\"https:\/\/www.berlin-info.com\/stadtfuehrungen\/museumsinsel\/\" target=\"_blank\" rel=\"noopener\"><span style=\"text-decoration: underline;\">Buchen Sie eine F\u00fchrung zum Thema:\u00a0Museumsinsel und\u00a0Humboldt Forum im Berliner Schloss<\/span><\/a><\/span><\/strong><\/p>\n<p>&nbsp;<\/p>\n<div class=\"fusion-fullwidth fullwidth-box fusion-builder-row-1 hundred-percent-fullwidth non-hundred-percent-height-scrolling\" style=\"--awb-border-radius-top-left:0px;--awb-border-radius-top-right:0px;--awb-border-radius-bottom-right:0px;--awb-border-radius-bottom-left:0px;--awb-overflow:visible;\" ><div class=\"fusion-builder-row fusion-row\"><div class=\"fusion-layout-column fusion_builder_column fusion-builder-column-0 fusion_builder_column_1_1 1_1 fusion-one-full fusion-column-first fusion-column-last fusion-column-no-min-height\" style=\"--awb-bg-size:cover;\"><div class=\"fusion-column-wrapper fusion-flex-column-wrapper-legacy\">\n<div id=\"attachment_2080\" style=\"width: 660px\" class=\"wp-caption aligncenter\"><a href=\"https:\/\/www.berlin-info.com\/wp-content\/uploads\/2019\/06\/Schloss-1-von-1-2.jpg\"><img aria-describedby=\"caption-attachment-2080\" decoding=\"async\" class=\"wp-image-2080 size-full\" src=\"https:\/\/www.berlin-info.com\/wp-content\/uploads\/2019\/06\/Schloss-1-von-1-2.jpg\" alt=\"S\u00fcdfassade Berliner Schloss\/humboldt Forum nach Andreas Schl\u00fcter\" width=\"650\" height=\"474\" srcset=\"https:\/\/www.berlin-info.com\/wp-content\/uploads\/2019\/06\/Schloss-1-von-1-2-220x161.jpg 220w, https:\/\/www.berlin-info.com\/wp-content\/uploads\/2019\/06\/Schloss-1-von-1-2-439x320.jpg 439w, https:\/\/www.berlin-info.com\/wp-content\/uploads\/2019\/06\/Schloss-1-von-1-2.jpg 650w\" sizes=\"(max-width: 650px) 100vw, 650px\" \/><\/a><p id=\"caption-attachment-2080\" class=\"wp-caption-text\">S\u00fcdfassade Humboldt Forum Berlin ;\u00a0 Architekt: Andreas Schl\u00fcter (1697)<\/p><\/div>\n<p>Eine eigens gegr\u00fcndete Schlossbauh\u00fctte unter der Leitung des Bildhauers Berthold Just war zust\u00e4ndig f\u00fcr die Neusch\u00f6pfung von Skulpturen und Reliefs des Fassadenschmucks.<\/p>\n<h2><\/h2>\n<h2>Die Fassade der Spreeseite<\/h2>\n<p>Die Ostfassade wird durch eine Rasterfassade gebildet. Sie schlie\u00dft an die Geschossigkeit des Schlossnachbaus an und mit vorgefertigten Elementen aus Architekturbeton verkleidet. Dieser orientiert sich farblich am hellen Sandstein der rekonstruierten Fassadenteile.<\/p>\n<p>&nbsp;<\/p>\n<div class=\"fusion-clearfix\"><\/div><\/div><\/div><div class=\"fusion-layout-column fusion_builder_column fusion-builder-column-1 fusion_builder_column_1_1 1_1 fusion-one-full fusion-column-first fusion-column-last fusion-column-no-min-height\" style=\"--awb-bg-size:cover;\"><div class=\"fusion-column-wrapper fusion-flex-column-wrapper-legacy\">\n<p><strong><img decoding=\"async\" class=\"aligncenter size-large wp-image-4688\" src=\"https:\/\/www.berlin-info.com\/wp-content\/uploads\/2024\/05\/IMG_3020-1024x790.jpg\" alt=\"\" width=\"1024\" height=\"790\" srcset=\"https:\/\/www.berlin-info.com\/wp-content\/uploads\/2024\/05\/IMG_3020-200x154.jpg 200w, https:\/\/www.berlin-info.com\/wp-content\/uploads\/2024\/05\/IMG_3020-400x308.jpg 400w, https:\/\/www.berlin-info.com\/wp-content\/uploads\/2024\/05\/IMG_3020-415x320.jpg 415w, https:\/\/www.berlin-info.com\/wp-content\/uploads\/2024\/05\/IMG_3020-600x463.jpg 600w, https:\/\/www.berlin-info.com\/wp-content\/uploads\/2024\/05\/IMG_3020-768x592.jpg 768w, https:\/\/www.berlin-info.com\/wp-content\/uploads\/2024\/05\/IMG_3020-800x617.jpg 800w, https:\/\/www.berlin-info.com\/wp-content\/uploads\/2024\/05\/IMG_3020-1024x790.jpg 1024w, https:\/\/www.berlin-info.com\/wp-content\/uploads\/2024\/05\/IMG_3020-1200x925.jpg 1200w, https:\/\/www.berlin-info.com\/wp-content\/uploads\/2024\/05\/IMG_3020-1536x1184.jpg 1536w\" sizes=\"(max-width: 1024px) 100vw, 1024px\" \/>\u00a0<\/strong><\/p>\n<h2>Tiefbau und Schildvortrieb der U-5 unter der Baustelle<\/h2>\n<p>W\u00e4hrend der Rohbauzeit lief parallel der\u00a0<span style=\"color: #008080;\"><strong><a style=\"color: #008080;\" href=\"http:\/\/www.projekt-u5.de\/de\/der-tunnel\/\" target=\"_blank\" rel=\"noopener\"><span style=\"text-decoration: underline;\">Bau der U-Bahnlinie 55<\/span> <\/a><\/strong><\/span>zwischen Rotem Rathaus und Brandenburger Tor.<\/p>\n<p>Mit einer Schildvortriebsmaschine wurden zwei Tunnelr\u00f6hren hergestellt. Dabei wurden die Gr\u00fcndungsplatten der Schlossbaustelle diagonal mit einem Abstand von 2,50 m unterfahren. Er\u00f6ffnet wurde die verl\u00e4ngerte Linie der U5 mit den Bahnh\u00f6fen Rotes Rathaus, Museumsinsel und Friedrichstra\u00dfe am 4. Dezember 2020, Architekt ist Max Dudler, Berlin.<\/p>\n<p><span style=\"color: #008080;\"><a style=\"color: #008080;\" href=\"https:\/\/www.berlin-info.com\/stadtfuehrungen\/museumsinsel\/\" target=\"_blank\" rel=\"noopener\">F\u00fchrungen zum Thema:<span style=\"text-decoration: underline;\">\u00a0Museumsinsel und\u00a0Humboldt Forum im Berliner Schloss<\/span><\/a><\/span><\/p>\n<h2><\/h2>\n<h2>Freiraumgestaltung<\/h2>\n<p>Die Au\u00dfenraumgestaltung und damit die gestalterische Anbindung an die Museumsinsel und die weitere Umgebung liegt in der Zust\u00e4ndigkeit Berlins, bei der Senatsverwaltung f\u00fcr Bauen und Wohnen. Denn der Stadt geh\u00f6ren auch die Fl\u00e4chen. Nach einem<span style=\"color: #000000;\">\u00a0Wettbewerb wurde der Entwurf eines Berliner B\u00fcros realisiert.<\/span><\/p>\n<p>Die Oberfl\u00e4chen im Umfeld des Schlosses sind durchgehend gepflastert oder geschottert. Wenige B\u00e4ume spenden Schatten.<br \/>\nDie neugestalteten Schlossterrassen an der Lustgartenseite erinnern mit ihrer Pflanzenzusammenstellung an die Reisen Alexander von Humboldts.<\/p>\n<p>Die Arbeiten wurden im M\u00e4rz 2022 weitgehend abgeschlossen.<\/p>\n<p>Von Umweltverb\u00e4nden wird die Planung in den Medien kritisiert und gelegentlich gibt es Protestaktionen vor Ort.<\/p>\n<div class=\"fusion-clearfix\"><\/div><\/div><\/div><div class=\"fusion-layout-column fusion_builder_column fusion-builder-column-2 fusion_builder_column_1_1 1_1 fusion-one-full fusion-column-first fusion-column-last fusion-column-no-min-height\" style=\"--awb-bg-size:cover;\"><div class=\"fusion-column-wrapper fusion-flex-column-wrapper-legacy\">\n<div id=\"attachment_3732\" style=\"width: 679px\" class=\"wp-caption aligncenter\"><a href=\"https:\/\/www.berlin-info.com\/wp-content\/uploads\/2023\/01\/AA67DA8D-1562-4C1E-921C-D3F8F3EF3284.jpeg\"><img aria-describedby=\"caption-attachment-3732\" decoding=\"async\" class=\"size-large wp-image-3732\" src=\"https:\/\/www.berlin-info.com\/wp-content\/uploads\/2023\/01\/AA67DA8D-1562-4C1E-921C-D3F8F3EF3284-1024x698.jpeg\" alt=\"Protestaktion von Natursch\u00fctzern f\u00fcr mehr Gr\u00fcn auf dem Berliner Schlossplatz im Sommer 2022. \" width=\"669\" height=\"456\" srcset=\"https:\/\/www.berlin-info.com\/wp-content\/uploads\/2023\/01\/AA67DA8D-1562-4C1E-921C-D3F8F3EF3284-470x320.jpeg 470w, https:\/\/www.berlin-info.com\/wp-content\/uploads\/2023\/01\/AA67DA8D-1562-4C1E-921C-D3F8F3EF3284-1024x698.jpeg 1024w\" sizes=\"(max-width: 669px) 100vw, 669px\" \/><\/a><p id=\"caption-attachment-3732\" class=\"wp-caption-text\">Aktion eines Umweltverbands \u00a0f\u00fcr mehr Gr\u00fcn auf dem \u00a0Schlossplatz Berlin 2022. Foto: C. Hajer<\/p><\/div>\n<p>&nbsp;<\/p>\n<p><span style=\"color: #008080;\"><a style=\"color: #008080;\" href=\"https:\/\/www.berlin-info.com\/stadtfuehrungen\/museumsinsel\/\">Buchen Sie eine Stadtf\u00fchrung zum Thema:<span style=\"text-decoration: underline;\"> Museumsinsel und\u00a0Humboldt Forum im Berliner Schloss<\/span><\/a><\/span><div class=\"fusion-clearfix\"><\/div><\/div><\/div><\/div><\/div>\n","protected":false},"excerpt":{"rendered":"<p>Humboldt Forum im Berliner Schlo\u00df\u00a0 Am 17. Dezember 2020 war Er\u00f6ffnung Die Er\u00f6ffnung des Humboldt Forum am 17. Dezember 2020 fand wegen der Corona-Beschr\u00e4nkungen\u00a0 online statt. Seit Mittwoch, den 9. Juni 2021, sind die H\u00f6fe f\u00fcr die \u00d6ffentlichkeit zug\u00e4nglich, seit dem 20. Juli auch Teile der Innenr\u00e4ume, das Treppenhaus und verschiedene Ausstellungen. Seit September 2021 [&hellip;]<\/p>\n","protected":false},"author":2,"featured_media":4907,"comment_status":"closed","ping_status":"closed","sticky":false,"template":"","format":"standard","meta":[],"categories":[1],"tags":[111,55,70,71,105,56],"_links":{"self":[{"href":"https:\/\/www.berlin-info.com\/en\/wp-json\/wp\/v2\/posts\/1638"}],"collection":[{"href":"https:\/\/www.berlin-info.com\/en\/wp-json\/wp\/v2\/posts"}],"about":[{"href":"https:\/\/www.berlin-info.com\/en\/wp-json\/wp\/v2\/types\/post"}],"author":[{"embeddable":true,"href":"https:\/\/www.berlin-info.com\/en\/wp-json\/wp\/v2\/users\/2"}],"replies":[{"embeddable":true,"href":"https:\/\/www.berlin-info.com\/en\/wp-json\/wp\/v2\/comments?post=1638"}],"version-history":[{"count":114,"href":"https:\/\/www.berlin-info.com\/en\/wp-json\/wp\/v2\/posts\/1638\/revisions"}],"predecessor-version":[{"id":4909,"href":"https:\/\/www.berlin-info.com\/en\/wp-json\/wp\/v2\/posts\/1638\/revisions\/4909"}],"wp:featuredmedia":[{"embeddable":true,"href":"https:\/\/www.berlin-info.com\/en\/wp-json\/wp\/v2\/media\/4907"}],"wp:attachment":[{"href":"https:\/\/www.berlin-info.com\/en\/wp-json\/wp\/v2\/media?parent=1638"}],"wp:term":[{"taxonomy":"category","embeddable":true,"href":"https:\/\/www.berlin-info.com\/en\/wp-json\/wp\/v2\/categories?post=1638"},{"taxonomy":"post_tag","embeddable":true,"href":"https:\/\/www.berlin-info.com\/en\/wp-json\/wp\/v2\/tags?post=1638"}],"curies":[{"name":"wp","href":"https:\/\/api.w.org\/{rel}","templated":true}]}}